{"id":3670,"date":"2025-09-26T20:07:46","date_gmt":"2025-09-26T18:07:46","guid":{"rendered":"https:\/\/abubef.org\/?p=3670"},"modified":"2025-09-30T14:31:12","modified_gmt":"2025-09-30T12:31:12","slug":"celebration-de-la-journ2e-mondiale-de-la-contarception-26-9-2026","status":"publish","type":"post","link":"https:\/\/abubef.org\/en\/celebration-de-la-journ2e-mondiale-de-la-contarception-26-9-2026\/","title":{"rendered":"CELEBRATION DE LA JOURN2E MONDIALE DE LA CONTARCEPTION, 26\/9\/2026"},"content":{"rendered":"<p>&nbsp;<\/p>\n<p><strong><em><b><i>Sous le th\u00e8me : \u00ab\u202fFemmes en \u00e2ge de procr\u00e9ation, vous avez droit aux m\u00e9thodes contraceptives pour le bien-\u00eatre familial\u202f\u00bb, l\u2019ABUBEF se joint \u00e0 la communaut\u00e9 <\/i><\/b><\/em><\/strong><strong><em><b><i>N<\/i><\/b><\/em><\/strong><strong><em><b><i>ationale et <\/i><\/b><\/em><\/strong><strong><em><b><i>I<\/i><\/b><\/em><\/strong><strong><em><b><i>nternationale pour c\u00e9l\u00e9brer, chaque 26 septembre depuis 2007, la Journ\u00e9e Mondiale de la Contraception.<\/i><\/b><\/em><\/strong><\/p>\n<p>Cet \u00e9v\u00e9nement annuel vise \u00e0 informer sur les m\u00e9thodes contraceptives disponibles, promouvoir la sant\u00e9 sexuelle et reproductive, et aider les personnes en \u00e2ge de procr\u00e9er \u00e0 faire des choix \u00e9clair\u00e9s.<\/p>\n<p>Dans ce cadre, l\u2019ABUBEF a organis\u00e9 ce vendredi 26 septembre 2025 une \u00e9mission sp\u00e9ciale sur la Radio-T\u00e9l\u00e9vision Isanganiro , afin de sensibiliser toutes les personnes en \u00e2ge de procr\u00e9er \u00e0 s\u2019approprier les m\u00e9thodes contraceptives pour le bien-\u00eatre familial.<\/p>\n<p>Pour Francine Ndayikunda, sage-femme et prestataire des soins \u00e0 l\u2019ABUBEF, l\u2019acc\u00e8s \u00e0 la contraception est un droit humain. Il favorise la sant\u00e9 et le bien-\u00eatre des femmes et des filles, mais aussi de leur famille et de la soci\u00e9t\u00e9, car une famille ne peut se d\u00e9velopper et prosp\u00e9rer sans une bonne sant\u00e9.<\/p>\n<p>Jusqu\u2019au premier trimestre 2025, l\u2019ABUBEF avait d\u00e9j\u00e0 enregistr\u00e9 47\u202f269 personnes dont 11\u202f031 nouvelles utilisatrices. Les m\u00e9thodes contraceptives concernent aussi bien les femmes que les hommes, incluant les pr\u00e9servatifs masculins et la vasectomie.<\/p>\n<p>L\u2019\u00e9mission d\u2019aujourd\u2019hui a \u00e9galement abord\u00e9 les d\u00e9fis li\u00e9s \u00e0 l\u2019utilisation des m\u00e9thodes contraceptives, notamment les rumeurs, la culture et la religion.<\/p>\n<p>Concernant les rumeurs, Francine Ndayikunda rappelle que tout m\u00e9dicament peut avoir des effets secondaires, et qu\u2019en cas d\u2019inconfort, il est important de contacter un centre de sant\u00e9 pour recevoir des conseils m\u00e9dicaux appropri\u00e9s.<\/p>\n<p>Sur le plan culturel, elle souligne que les conditions de vie ont chang\u00e9 et qu\u2019il est essentiel de planifier les naissances pour \u00e9viter des conflits li\u00e9s \u00e0 la terre ou aux ressources.<\/p>\n<p>Pasteur Isaac Mbonimpa, \u00e9galement invit\u00e9 au plateau de l\u2019\u00e9mission, a lanc\u00e9 un appel aux familles chr\u00e9tiennes pour qu\u2019elles adoptent les m\u00e9thodes contraceptives, soulignant que les \u00e9glises ont besoin de membres en bonne sant\u00e9.<\/p>\n<p><strong>Rappelons que les femmes en \u00e2ge de procr\u00e9er ont le droit d\u2019acc\u00e9der aux m\u00e9thodes contraceptives pour assurer leur bien-\u00eatre et celui de leur famille.<\/strong><\/p>","protected":false},"excerpt":{"rendered":"<p>&nbsp; Sous le th\u00e8me : \u00ab\u202fFemmes en \u00e2ge de procr\u00e9ation, vous avez droit aux m\u00e9thodes contraceptives pour le bien-\u00eatre familial\u202f\u00bb, l\u2019ABUBEF se joint \u00e0 la communaut\u00e9 Nationale et Internationale pour c\u00e9l\u00e9brer, chaque 26 septembre depuis 2007, la Journ\u00e9e Mondiale de la Contraception. Cet \u00e9v\u00e9nement annuel vise \u00e0 informer sur les m\u00e9thodes contraceptives disponibles, promouvoir la [&hellip;]<\/p>","protected":false},"author":2,"featured_media":3671,"comment_status":"open","ping_status":"open","sticky":false,"template":"","format":"standard","meta":{"footnotes":""},"categories":[1],"tags":[],"class_list":["post-3670","post","type-post","status-publish","format-standard","has-post-thumbnail","hentry","category-non-categorise"],"_links":{"self":[{"href":"https:\/\/abubef.org\/en\/wp-json\/wp\/v2\/posts\/3670","targetHints":{"allow":["GET"]}}],"collection":[{"href":"https:\/\/abubef.org\/en\/wp-json\/wp\/v2\/posts"}],"about":[{"href":"https:\/\/abubef.org\/en\/wp-json\/wp\/v2\/types\/post"}],"author":[{"embeddable":true,"href":"https:\/\/abubef.org\/en\/wp-json\/wp\/v2\/users\/2"}],"replies":[{"embeddable":true,"href":"https:\/\/abubef.org\/en\/wp-json\/wp\/v2\/comments?post=3670"}],"version-history":[{"count":1,"href":"https:\/\/abubef.org\/en\/wp-json\/wp\/v2\/posts\/3670\/revisions"}],"predecessor-version":[{"id":3672,"href":"https:\/\/abubef.org\/en\/wp-json\/wp\/v2\/posts\/3670\/revisions\/3672"}],"wp:featuredmedia":[{"embeddable":true,"href":"https:\/\/abubef.org\/en\/wp-json\/wp\/v2\/media\/3671"}],"wp:attachment":[{"href":"https:\/\/abubef.org\/en\/wp-json\/wp\/v2\/media?parent=3670"}],"wp:term":[{"taxonomy":"category","embeddable":true,"href":"https:\/\/abubef.org\/en\/wp-json\/wp\/v2\/categories?post=3670"},{"taxonomy":"post_tag","embeddable":true,"href":"https:\/\/abubef.org\/en\/wp-json\/wp\/v2\/tags?post=3670"}],"curies":[{"name":"wp","href":"https:\/\/api.w.org\/{rel}","templated":true}]}}