{"id":3541,"date":"2024-07-08T11:44:31","date_gmt":"2024-07-08T09:44:31","guid":{"rendered":"https:\/\/abubef.org\/?p=3541"},"modified":"2024-07-10T18:15:58","modified_gmt":"2024-07-10T16:15:58","slug":"relance-de-recrutement-dun-e-chargee-de-la-communication-du-programme-rhrn2","status":"publish","type":"post","link":"https:\/\/abubef.org\/en\/relance-de-recrutement-dun-e-chargee-de-la-communication-du-programme-rhrn2\/","title":{"rendered":"RELANCE DE RECRUTEMENT D\u2019UN (E) CHARGE(E) DE LA COMMUNICATION DU PROGRAMME RHRN2"},"content":{"rendered":"<p>En r\u00e9f\u00e9rence \u00e0 l\u2019avis de recrutement N\/R\u00e9f. ABUBEF : 78\/2024 du 15\/02\/2024dans le cadre du Programme<strong>\u00ab\u00a0RIGHT HERE RIGHT NOW 2 (RHRN2)\u00a0\u00bb\u00a0<\/strong><strong>; <\/strong>l\u2019Association Burundaise pour le Bien Etre Familial (ABUBEF) d\u00e9sire relancer le recrutement <strong>Un Charg\u00e9 de Communication du Programme RHRN2<\/strong><\/p>\n<p>The terms of reference are posted at the entrance to the ABUBEF headquarters in JABE or at its branch offices in KIRUNDO, NGOZI, MUYINGA, GITEGA and RUMONGE. The application file must include:<\/p>\n<ul>\n<li>A cover letter addressed to the Executive Director of ABUBEF;<\/li>\n<li>Un curriculum vitae-type en suivant le mod\u00e8le fourni par l\u2019ABUBEF. Le formulaire \u00e9lectronique peut \u00eatre obtenu \u00e0 la demande via l\u2019adresse\u00a0: <a href=\"mailto:abubef@abubef.org\"><strong>abubef@abubef.org<\/strong><\/a> with a copy to <a href=\"mailto:elvis.rusezera@abubef.org\"><strong>rusezera@abubef.org<\/strong><\/a> ;<\/li>\n<li>Un dipl\u00f4me certifi\u00e9 conforme aux exigences du poste<\/li>\n<li>A recent extract from the criminal record;<\/li>\n<li>Les attestations des services rendus\u00a0;<\/li>\n<li>Une copie de la carte nationale d\u2019identit\u00e9\u00a0;<\/li>\n<li>Deux personnes de r\u00e9f\u00e9rences.<\/li>\n<\/ul>\n<p>Qualified candidates interested in this position are requested to submit their applications to the ABUBEF secretariat located at 25 Avenue de l'Imprimerie, JABE district, or to one of the above-mentioned branches by no later than <strong><u>19\/07\/2024 \u00e0 12 heures.<\/u><\/strong><\/p>\n<p>Les dossiers d\u00e9pos\u00e9s ne seront pas remis.<\/p>","protected":false},"excerpt":{"rendered":"<p>En r\u00e9f\u00e9rence \u00e0 l\u2019avis de recrutement N\/R\u00e9f. ABUBEF : 78\/2024 du 15\/02\/2024dans le cadre du Programme\u00ab\u00a0RIGHT HERE RIGHT NOW 2 (RHRN2)\u00a0\u00bb\u00a0; l\u2019Association Burundaise pour le Bien Etre Familial (ABUBEF) d\u00e9sire relancer le recrutement Un Charg\u00e9 de Communication du Programme RHRN2 Les termes de r\u00e9f\u00e9rences sont affich\u00e9s \u00e0 l\u2019entr\u00e9e de l\u2019ABUBEF si\u00e8ge sis \u00e0 JABE ou [&hellip;]<\/p>","protected":false},"author":2,"featured_media":0,"comment_status":"open","ping_status":"open","sticky":false,"template":"","format":"standard","meta":{"footnotes":""},"categories":[90],"tags":[],"class_list":["post-3541","post","type-post","status-publish","format-standard","hentry","category-offres-demploi"],"_links":{"self":[{"href":"https:\/\/abubef.org\/en\/wp-json\/wp\/v2\/posts\/3541","targetHints":{"allow":["GET"]}}],"collection":[{"href":"https:\/\/abubef.org\/en\/wp-json\/wp\/v2\/posts"}],"about":[{"href":"https:\/\/abubef.org\/en\/wp-json\/wp\/v2\/types\/post"}],"author":[{"embeddable":true,"href":"https:\/\/abubef.org\/en\/wp-json\/wp\/v2\/users\/2"}],"replies":[{"embeddable":true,"href":"https:\/\/abubef.org\/en\/wp-json\/wp\/v2\/comments?post=3541"}],"version-history":[{"count":2,"href":"https:\/\/abubef.org\/en\/wp-json\/wp\/v2\/posts\/3541\/revisions"}],"predecessor-version":[{"id":3544,"href":"https:\/\/abubef.org\/en\/wp-json\/wp\/v2\/posts\/3541\/revisions\/3544"}],"wp:attachment":[{"href":"https:\/\/abubef.org\/en\/wp-json\/wp\/v2\/media?parent=3541"}],"wp:term":[{"taxonomy":"category","embeddable":true,"href":"https:\/\/abubef.org\/en\/wp-json\/wp\/v2\/categories?post=3541"},{"taxonomy":"post_tag","embeddable":true,"href":"https:\/\/abubef.org\/en\/wp-json\/wp\/v2\/tags?post=3541"}],"curies":[{"name":"wp","href":"https:\/\/api.w.org\/{rel}","templated":true}]}}