{"id":3526,"date":"2024-05-01T08:42:51","date_gmt":"2024-05-01T06:42:51","guid":{"rendered":"https:\/\/abubef.org\/?p=3526"},"modified":"2024-04-30T20:02:17","modified_gmt":"2024-04-30T18:02:17","slug":"message-de-la-directrice-executive-de-labubef-a-loccasion-du-1er-mai-2024-journee-internationale-du-travail-et-des-travailleurs","status":"publish","type":"post","link":"https:\/\/abubef.org\/en\/message-de-la-directrice-executive-de-labubef-a-loccasion-du-1er-mai-2024-journee-internationale-du-travail-et-des-travailleurs\/","title":{"rendered":"MESSAGE DE LA DIRECTRICE EXECUTIVE DE L\u2019ABUBEF A L\u2019OCCASION DU 1er MAI 2024 : JOURNEE INTERNATIONALE DU TRAVAIL ET DES TRAVAILLEURS"},"content":{"rendered":"<p>En cette date du 1<sup>er<\/sup>Mai qui marque la c\u00e9l\u00e9bration de la Journ\u00e9e Internationale du Travail et des Travailleurs, l\u2019Association Burundaise pour le Bien Etre Familial, ABUBEF en sigle, se joint \u00e0 la Communaut\u00e9 Nationale et Internationale \u00e0 l\u2019occasion de cette journ\u00e9e.<\/p>\n<p>L\u2019ABUBEF remercie tous les travailleurs : salari\u00e9s, b\u00e9n\u00e9voles, membres volontaires et non volontaires qui appuient l\u2019Association, pour leur contribution active et leurs efforts visant \u00e0 assurer la bonne marche de notre engagement commun d\u2019offrir des services de qualit\u00e9 aux communaut\u00e9s mal desservies pour accomplir notre <strong>mission<\/strong>de : <strong>\u00ab\u00a0promouvoir la sant\u00e9 sexuelle et reproductive ainsi que les Droits y aff\u00e9rents \u00e0 travers le plaidoyer et l\u2019offre de services de sant\u00e9 sexuelle et reproductive int\u00e9gr\u00e9s et de qualit\u00e9 pour tous, en synergie avec le gouvernement, les partenaires au d\u00e9veloppement et les autres intervenants, en mettant un accent particulier sur les groupes mal desservis.\u00bb.<\/strong><\/p>\n<p><strong>\u00a0<\/strong>Au Burundi, cette journ\u00e9e est c\u00e9l\u00e9br\u00e9 sous th\u00e8me\u00a0: <strong><em>\u00ab\u00a0Dukomeze ibikorwa kuburyo umwe wese arimbura ivyo yakoze.<\/em>\u00bb traduit en fran\u00e7ais \u00ab\u00a0<\/strong><strong><em>Promouvoir le travail via l\u2019auto\u00e9valuation de nos r\u00e9alisations,\u00a0\u00bb<\/em><\/strong><\/p>\n<p>L\u2019ABUBEF soutien le th\u00e8me national et interpelle tout un chacun \u00e0 faire l\u2019auto\u00e9valuation dans son engagement \u00e0 promouvoir la sant\u00e9 sexuelle et reproductive \u00e0 l\u2019\u00e9chelle individuelle et collective.<\/p>\n<p>Cette ann\u00e9e, la journ\u00e9e du 1<sup>er<\/sup> Mai est c\u00e9l\u00e9br\u00e9e au moment o\u00f9 le pays fait face aux inondations \u00a0li\u00e9es aux changements climatiques le long du littoral du Lac Tanganyika. Cette situation complique les conditions de travail de certains membres du personnel et de la prestation de service sur terrain.<\/p>\n<p>ABUBEF, particuli\u00e8rement en 2024, ABUBEF consid\u00e8re comme prioritaire la bataille pour pr\u00e9server un environnement de travail sain et motivant avec la bonne sant\u00e9 et le bien-\u00eatre Nous devons utiliser nos comp\u00e9tences et nos aptitudes personnelles pour construire et pr\u00e9server un bon climat de travail. En tant que prestataires de service et acteurs de terrain depuis 32 ans, nous devons \u00eatre des pionniers et leaders dans la promotion sant\u00e9 sexuelle et reproductive\u00e0 travers la promotion et la continuit\u00e9 dans l\u2019offre des services de la sant\u00e9 de reproduction partout.<\/p>\n<p>Nous ne pouvons pas promouvoir la sant\u00e9 et le bien-\u00eatre sans promouvoir un environnement de travail sain et inclusif, sans discrimination, sans violence, sans harc\u00e8lement qui reconnait et valorise la contribution de tout un chacun.\u00a0Aussi, les droits des travailleurs salari\u00e9s et b\u00e9n\u00e9voles ainsi que ceux de nos clients restent au centre de nos activit\u00e9s quotidiennes. Nous valorisons \u00e9galement une culture d\u2019\u00e9valuation continue de la qualit\u00e9 de nos prestations en vu de promouvoir les am\u00e9liorations l\u00e0 o\u00f9 c\u2019est n\u00e9cessaire.<\/p>\n<p>Je saisis cette occasion pour remercier tous les membres du personnel en particulier les prestataires de services, les travailleurs b\u00e9n\u00e9voles qui se donnent du jour le jour et de mani\u00e8re professionnelle \u00e0 la r\u00e9alisation de la mission de l\u2019Association. Les prestataires des services premi\u00e8re ligne : membres volontaires et non volontaires qui appuient nos activit\u00e9s, pour leur contribution plus qu\u2019importante visant \u00e0 maintenir l\u2019acc\u00e8s aux informations et aux services de qualit\u00e9 aux communaut\u00e9s mal desservies.<\/p>\n<p>Vive le travail!<\/p>","protected":false},"excerpt":{"rendered":"<p>En cette date du 1erMai qui marque la c\u00e9l\u00e9bration de la Journ\u00e9e Internationale du Travail et des Travailleurs, l\u2019Association Burundaise pour le Bien Etre Familial, ABUBEF en sigle, se joint \u00e0 la Communaut\u00e9 Nationale et Internationale \u00e0 l\u2019occasion de cette journ\u00e9e. L\u2019ABUBEF remercie tous les travailleurs : salari\u00e9s, b\u00e9n\u00e9voles, membres volontaires et non volontaires qui [&hellip;]<\/p>","protected":false},"author":2,"featured_media":3527,"comment_status":"open","ping_status":"open","sticky":false,"template":"","format":"standard","meta":{"footnotes":""},"categories":[1],"tags":[],"class_list":["post-3526","post","type-post","status-publish","format-standard","has-post-thumbnail","hentry","category-non-categorise"],"_links":{"self":[{"href":"https:\/\/abubef.org\/en\/wp-json\/wp\/v2\/posts\/3526","targetHints":{"allow":["GET"]}}],"collection":[{"href":"https:\/\/abubef.org\/en\/wp-json\/wp\/v2\/posts"}],"about":[{"href":"https:\/\/abubef.org\/en\/wp-json\/wp\/v2\/types\/post"}],"author":[{"embeddable":true,"href":"https:\/\/abubef.org\/en\/wp-json\/wp\/v2\/users\/2"}],"replies":[{"embeddable":true,"href":"https:\/\/abubef.org\/en\/wp-json\/wp\/v2\/comments?post=3526"}],"version-history":[{"count":1,"href":"https:\/\/abubef.org\/en\/wp-json\/wp\/v2\/posts\/3526\/revisions"}],"predecessor-version":[{"id":3528,"href":"https:\/\/abubef.org\/en\/wp-json\/wp\/v2\/posts\/3526\/revisions\/3528"}],"wp:featuredmedia":[{"embeddable":true,"href":"https:\/\/abubef.org\/en\/wp-json\/wp\/v2\/media\/3527"}],"wp:attachment":[{"href":"https:\/\/abubef.org\/en\/wp-json\/wp\/v2\/media?parent=3526"}],"wp:term":[{"taxonomy":"category","embeddable":true,"href":"https:\/\/abubef.org\/en\/wp-json\/wp\/v2\/categories?post=3526"},{"taxonomy":"post_tag","embeddable":true,"href":"https:\/\/abubef.org\/en\/wp-json\/wp\/v2\/tags?post=3526"}],"curies":[{"name":"wp","href":"https:\/\/api.w.org\/{rel}","templated":true}]}}