{"id":3494,"date":"2023-09-26T14:34:06","date_gmt":"2023-09-26T12:34:06","guid":{"rendered":"https:\/\/abubef.org\/?p=3494"},"modified":"2023-09-27T14:50:36","modified_gmt":"2023-09-27T12:50:36","slug":"journee-mondiale-de-la-contraception-jmc-le-26-septembre-2023","status":"publish","type":"post","link":"https:\/\/abubef.org\/en\/journee-mondiale-de-la-contraception-jmc-le-26-septembre-2023\/","title":{"rendered":"JOURNEE MONDIALE DE LA CONTRACEPTION (JMC), LE 26 SEPTEMBRE 2023"},"content":{"rendered":"<p>L\u2019ABUBEF se joint \u00e0 la communaut\u00e9 nationale et internationale dans la c\u00e9l\u00e9bration de la Journ\u00e9e Mondiale de la Contraception (JMC), c\u00e9l\u00e9br\u00e9e le 26 Septembre de chaque ann\u00e9e sous le th\u00e8me <em><strong>\u00ab\u2009Le pouvoir des choix<\/strong><\/em><em>\u2009\u00bb. Ce<\/em> <em>th\u00e8me <\/em>montre le r\u00f4le primordial d\u2019\u00e9largir le choix des contraceptifs et les options mis \u00e0 disposition des individus en vue de leur permettre d\u2019am\u00e9liorer leur sant\u00e9 et leur bien-\u00eatre en g\u00e9n\u00e9ral.<\/p>\n<p><strong>Sous le th\u00e8me \u00ab\u00a0Choix d\u2019une meilleure contraception, opportunit\u00e9 du bien-\u00eatre familial\u00a0\u00bb, <\/strong><strong>l\u2019ABUBEF <\/strong>encourage la population en \u00e2ge de procr\u00e9er \u00e0 s\u2019approprier \u00a0la contraception pour leur bonne sant\u00e9 \u00a0et leur bien \u00eatre en g\u00e9n\u00e9ral. L\u2019ABUBEF promeut l\u2019acc\u00e8s \u00e0 diverses m\u00e9thodes contraceptives pour que chacun (e) puisse choisir une m\u00e9thode contraceptive librement compte tenu des \u00a0besoins et conditions de vie.<\/p>\n<p>Il est tr\u00e8s important de fournir des informations exactes \u00a0et compl\u00e8tes et en temps opportun sur toutes les m\u00e9thodes contraceptives pour permettre aux individus de prendre des d\u00e9cisions \u00e9clair\u00e9es compte tenu que chaque m\u00e9thode pr\u00e9sente ses propres avantages et risques, et les options qui permettent aux b\u00e9n\u00e9ficiaires de trouver ce qui correspond \u00e0 leurs pr\u00e9f\u00e9rences et \u00e0 leurs besoins en mati\u00e8re de procr\u00e9ation et d\u2019espacement des naissances.<\/p>\n<p><strong>Il est aussi important que chaque personne puisse exercer librement ses droits en mati\u00e8re de procr\u00e9ation sans discrimination. <\/strong>\u00ab\u2009Le pouvoir des choix\u2009\u00bb est plus qu\u2019un th\u00e8me, c\u2019est un appel \u00e0 l\u2019action.<\/p>\n<p>En cette journ\u00e9e mondiale de la contraception, c\u00e9l\u00e9brons les progr\u00e8s accomplis pour permettre aux individus de faire des choix conformes \u00e0 leurs objectifs en mati\u00e8re de sant\u00e9 reproductive. En donnant acc\u00e8s \u00e0 un large \u00e9ventail de m\u00e9thodes contraceptives, en encourageant la prise de d\u00e9cision \u00e9clair\u00e9e et en respectant les principes des droits humains, nous pouvons collectivement contribuer \u00e0 des soci\u00e9t\u00e9s plus saines, \u00e0 l\u2019\u00e9galit\u00e9 des genres et \u00e0 l\u2019am\u00e9lioration de la qualit\u00e9 de vie dans le monde entier pour construire une soci\u00e9t\u00e9 o\u00f9 chaque grossesse est d\u00e9sir\u00e9e et chaque grossesse est planifi\u00e9e.<\/p>\n<p>Vive la sant\u00e9 de la reproduction et le bien-\u00eatre pour tous; sans discrimination.<\/p>","protected":false},"excerpt":{"rendered":"<p>L\u2019ABUBEF se joint \u00e0 la communaut\u00e9 nationale et internationale dans la c\u00e9l\u00e9bration de la Journ\u00e9e Mondiale de la Contraception (JMC), c\u00e9l\u00e9br\u00e9e le 26 Septembre de chaque ann\u00e9e sous le th\u00e8me \u00ab\u2009Le pouvoir des choix\u2009\u00bb. Ce th\u00e8me montre le r\u00f4le primordial d\u2019\u00e9largir le choix des contraceptifs et les options mis \u00e0 disposition des individus en vue [&hellip;]<\/p>","protected":false},"author":2,"featured_media":3495,"comment_status":"open","ping_status":"open","sticky":false,"template":"","format":"standard","meta":{"footnotes":""},"categories":[1],"tags":[],"class_list":["post-3494","post","type-post","status-publish","format-standard","has-post-thumbnail","hentry","category-non-categorise"],"_links":{"self":[{"href":"https:\/\/abubef.org\/en\/wp-json\/wp\/v2\/posts\/3494","targetHints":{"allow":["GET"]}}],"collection":[{"href":"https:\/\/abubef.org\/en\/wp-json\/wp\/v2\/posts"}],"about":[{"href":"https:\/\/abubef.org\/en\/wp-json\/wp\/v2\/types\/post"}],"author":[{"embeddable":true,"href":"https:\/\/abubef.org\/en\/wp-json\/wp\/v2\/users\/2"}],"replies":[{"embeddable":true,"href":"https:\/\/abubef.org\/en\/wp-json\/wp\/v2\/comments?post=3494"}],"version-history":[{"count":2,"href":"https:\/\/abubef.org\/en\/wp-json\/wp\/v2\/posts\/3494\/revisions"}],"predecessor-version":[{"id":3497,"href":"https:\/\/abubef.org\/en\/wp-json\/wp\/v2\/posts\/3494\/revisions\/3497"}],"wp:featuredmedia":[{"embeddable":true,"href":"https:\/\/abubef.org\/en\/wp-json\/wp\/v2\/media\/3495"}],"wp:attachment":[{"href":"https:\/\/abubef.org\/en\/wp-json\/wp\/v2\/media?parent=3494"}],"wp:term":[{"taxonomy":"category","embeddable":true,"href":"https:\/\/abubef.org\/en\/wp-json\/wp\/v2\/categories?post=3494"},{"taxonomy":"post_tag","embeddable":true,"href":"https:\/\/abubef.org\/en\/wp-json\/wp\/v2\/tags?post=3494"}],"curies":[{"name":"wp","href":"https:\/\/api.w.org\/{rel}","templated":true}]}}