{"id":3476,"date":"2023-08-28T11:10:26","date_gmt":"2023-08-28T09:10:26","guid":{"rendered":"https:\/\/abubef.org\/?p=3476"},"modified":"2023-08-30T11:15:24","modified_gmt":"2023-08-30T09:15:24","slug":"atelier-de-lauto-evaluation-de-labubef-pour-le-4eme-cycle-daccreditation-de-lippf","status":"publish","type":"post","link":"https:\/\/abubef.org\/en\/atelier-de-lauto-evaluation-de-labubef-pour-le-4eme-cycle-daccreditation-de-lippf\/","title":{"rendered":"ATELIER DE L\u2019AUTO-EVALUATION DE L\u2019ABUBEF POUR LE 4EME CYCLE D&#8217;ACCREDITATION DE L&#8217;IPPF"},"content":{"rendered":"<p>&nbsp;<\/p>\n<p><strong><em>A<\/em><\/strong><em>telier de pr\u00e9paration de la 4<sup>\u00e8me<\/sup> accr\u00e9ditation, un examen quinquennal impliquant toutes les associations membres de l\u2019International Planned Perenthood F\u00e9deration (IPPF), F\u00e9d\u00e9ration Internationale pour la Planification Familiale en fran\u00e7ais, dont l\u2019ABUBEF est membre \u00e0 part enti\u00e8re depuis 2002. <\/em><\/p>\n<p>ABUBEF a d\u00e9j\u00e0 r\u00e9ussi avec succ\u00e8s les trois premiers cycles d\u2019accr\u00e9ditation, le dernier ayant \u00e9t\u00e9 r\u00e9alis\u00e9e en2017.Le 4<sup>\u00e8me<\/sup> cycle d\u2019accr\u00e9ditation a d\u00e9but\u00e9 en janvier 2023 et ABUBEF fait partie des Associations Membres (AM) qui doivent passer l\u2019examen en 2023.<\/p>\n<p>Afin de s&#8217;assurer que les Associations Membres ont une bonne compr\u00e9hension du syst\u00e8me, des outils, des principes, des normes et des proc\u00e9dures de la nouvelle accr\u00e9ditation, le Bureau r\u00e9gional a fourni une orientation \u00e0 toutes les AM de la R\u00e9gion Afrique, en vue de leur permettre de mieux se pr\u00e9parer \u00e0 leur prochaine revue d\u2019accr\u00e9ditation. Le 24 janvier 2023, le Bureau r\u00e9gional a confirm\u00e9 que ABUBEF fera l\u2019objet d\u2019une revue d\u2019accr\u00e9ditation en 2023 et a partag\u00e9 l\u2019outil pour l\u2019auto\u00e9valuation.<\/p>\n<p>Dans l\u2019objectif de s\u2019adapter r\u00e9guli\u00e8rement aux principaux indicateurs de performance en mati\u00e8re de responsabilit\u00e9 au sein de l&#8217;IPPF, l\u2019ABUBEF a organis\u00e9 depuis ce lundi le 21\/8\/2023 un atelier de 5 jrs de pr\u00e9paration de ladite accr\u00e9ditation.<\/p>\n<p>Dans son mot d\u2019ouverture, la pr\u00e9sidente nationale de l\u2019ABUBEF, Floride NDAKORANIWE a demand\u00e9 aux membres de la gouvernance et ceux du staff de travailler assid\u00fbment au cours de cet atelier car la r\u00e9ussite de ce dernier permettra \u00e0 l\u2019ABUBEF d\u2019\u00eatre accr\u00e9dit\u00e9 de nouveau par l\u2019IPPF.<\/p>\n<p>A son tour, la Directrice Ex\u00e9cutive de l\u2019ABUBEF, Dr Donavine UWIMANA a pr\u00e9cis\u00e9 que cet atelier a deux objectifs \u00e0 savoir l\u2019 orientation sur les outils de l\u2019accr\u00e9ditation et l\u2019auto-\u00e9valuation et l\u2019entente sur les prochaines \u00e9tapes.<\/p>\n<p>L\u2019ABUBEF reste \u00e0 l\u2019\u0153uvre de la communaut\u00e9 dans la promotion de la sant\u00e9 et droits sexuels et reproductifs.<\/p>\n<p>&nbsp;<\/p>","protected":false},"excerpt":{"rendered":"<p>&nbsp; Atelier de pr\u00e9paration de la 4\u00e8me accr\u00e9ditation, un examen quinquennal impliquant toutes les associations membres de l\u2019International Planned Perenthood F\u00e9deration (IPPF), F\u00e9d\u00e9ration Internationale pour la Planification Familiale en fran\u00e7ais, dont l\u2019ABUBEF est membre \u00e0 part enti\u00e8re depuis 2002. ABUBEF a d\u00e9j\u00e0 r\u00e9ussi avec succ\u00e8s les trois premiers cycles d\u2019accr\u00e9ditation, le dernier ayant \u00e9t\u00e9 r\u00e9alis\u00e9e [&hellip;]<\/p>","protected":false},"author":2,"featured_media":3477,"comment_status":"open","ping_status":"open","sticky":false,"template":"","format":"standard","meta":{"footnotes":""},"categories":[1],"tags":[92],"class_list":["post-3476","post","type-post","status-publish","format-standard","has-post-thumbnail","hentry","category-non-categorise","tag-atelier-dautoevaluation"],"_links":{"self":[{"href":"https:\/\/abubef.org\/en\/wp-json\/wp\/v2\/posts\/3476","targetHints":{"allow":["GET"]}}],"collection":[{"href":"https:\/\/abubef.org\/en\/wp-json\/wp\/v2\/posts"}],"about":[{"href":"https:\/\/abubef.org\/en\/wp-json\/wp\/v2\/types\/post"}],"author":[{"embeddable":true,"href":"https:\/\/abubef.org\/en\/wp-json\/wp\/v2\/users\/2"}],"replies":[{"embeddable":true,"href":"https:\/\/abubef.org\/en\/wp-json\/wp\/v2\/comments?post=3476"}],"version-history":[{"count":1,"href":"https:\/\/abubef.org\/en\/wp-json\/wp\/v2\/posts\/3476\/revisions"}],"predecessor-version":[{"id":3478,"href":"https:\/\/abubef.org\/en\/wp-json\/wp\/v2\/posts\/3476\/revisions\/3478"}],"wp:featuredmedia":[{"embeddable":true,"href":"https:\/\/abubef.org\/en\/wp-json\/wp\/v2\/media\/3477"}],"wp:attachment":[{"href":"https:\/\/abubef.org\/en\/wp-json\/wp\/v2\/media?parent=3476"}],"wp:term":[{"taxonomy":"category","embeddable":true,"href":"https:\/\/abubef.org\/en\/wp-json\/wp\/v2\/categories?post=3476"},{"taxonomy":"post_tag","embeddable":true,"href":"https:\/\/abubef.org\/en\/wp-json\/wp\/v2\/tags?post=3476"}],"curies":[{"name":"wp","href":"https:\/\/api.w.org\/{rel}","templated":true}]}}