{"id":4131,"date":"2026-04-10T17:11:07","date_gmt":"2026-04-10T15:11:07","guid":{"rendered":"https:\/\/abubef.org\/?p=4131"},"modified":"2026-04-10T17:12:23","modified_gmt":"2026-04-10T15:12:23","slug":"ameliorer-la-vie-des-enfants-une-vaccination-a-la-fois-cloture-dun-projet-a-fort-impact","status":"publish","type":"post","link":"http:\/\/abubef.org\/en\/ameliorer-la-vie-des-enfants-une-vaccination-a-la-fois-cloture-dun-projet-a-fort-impact\/","title":{"rendered":"AMELIORER LA VIE DES ENFANTS, UNE VACCINATION A LA FOIS : CLOTURE D\u2019UN PROJET A FORT IMPACT"},"content":{"rendered":"<p><img loading=\"lazy\" decoding=\"async\" class=\"alignnone size-medium wp-image-4132\" src=\"http:\/\/abubef.org\/wp-content\/uploads\/2026\/04\/DSC_8636-300x200.jpg\" alt=\"\" width=\"300\" height=\"200\" srcset=\"https:\/\/abubef.org\/wp-content\/uploads\/2026\/04\/DSC_8636-300x200.jpg 300w, https:\/\/abubef.org\/wp-content\/uploads\/2026\/04\/DSC_8636-1024x683.jpg 1024w, https:\/\/abubef.org\/wp-content\/uploads\/2026\/04\/DSC_8636-768x512.jpg 768w, https:\/\/abubef.org\/wp-content\/uploads\/2026\/04\/DSC_8636-1536x1024.jpg 1536w, https:\/\/abubef.org\/wp-content\/uploads\/2026\/04\/DSC_8636-2048x1365.jpg 2048w, https:\/\/abubef.org\/wp-content\/uploads\/2026\/04\/DSC_8636-18x12.jpg 18w, https:\/\/abubef.org\/wp-content\/uploads\/2026\/04\/DSC_8636-400x265.jpg 400w, https:\/\/abubef.org\/wp-content\/uploads\/2026\/04\/DSC_8636-600x400.jpg 600w\" sizes=\"auto, (max-width: 300px) 100vw, 300px\" \/><\/p>\n<p>Le mardi 7 avril 2026 marque une \u00e9tape importante pour l\u2019Association Burundaise pour le Bien-\u00eatre Familial (ABUBEF) et ses partenaires : la cl\u00f4ture d\u2019un projet ambitieux visant \u00e0 am\u00e9liorer la couverture vaccinale et la surveillance des maladies \u00e9vitables par la vaccination dans l\u2019ancienne Mairie de Bujumbura.<\/p>\n<p>Pendant 22 mois, avec l\u2019appui de l\u2019UNICEF et de GAVI Alliance \u00e0 travers le Programme \u00c9largi de Vaccination (PEV), ce projet a permis de rapprocher les services de vaccination des localit\u00e9s les plus vuln\u00e9rables, l\u00e0 o\u00f9 les enfants sont souvent laiss\u00e9s pour compte.<\/p>\n<p><strong>Aller vers les enfants les plus invisibles<\/strong><\/p>\n<p>Dans des quartiers marqu\u00e9s par la mobilit\u00e9 des populations, la pr\u00e9carit\u00e9 et parfois la m\u00e9fiance envers les services de sant\u00e9, 536 agents de sant\u00e9 communautaires ont \u00e9t\u00e9 form\u00e9s et d\u00e9ploy\u00e9s. Leur mission : identifier, sensibiliser et accompagner les familles.<\/p>\n<p>Gr\u00e2ce \u00e0 leur engagement, 345 enfants dits \u00ab z\u00e9ro dose \u00bb n\u2019ayant re\u00e7u aucun vaccin ont \u00e9t\u00e9 identifi\u00e9s, en grande partie parmi des familles r\u00e9fugi\u00e9es en provenance de la RDC, souvent dispers\u00e9es et difficiles \u00e0 atteindre.<\/p>\n<p>Au-del\u00e0 de ces chiffres, ce sont des vies qui ont \u00e9t\u00e9 rattrap\u00e9es : plus de 3 500 enfants, auparavant sous-immunis\u00e9s, ont pu compl\u00e9ter leur calendrier vaccinal.<\/p>\n<p><strong>Des r\u00e9sultats concrets malgr\u00e9 des d\u00e9fis r\u00e9els<\/strong><\/p>\n<p><img loading=\"lazy\" decoding=\"async\" class=\"alignnone size-medium wp-image-4134\" src=\"http:\/\/abubef.org\/wp-content\/uploads\/2026\/04\/DSC_8475-1-300x194.jpg\" alt=\"\" width=\"300\" height=\"194\" srcset=\"https:\/\/abubef.org\/wp-content\/uploads\/2026\/04\/DSC_8475-1-300x194.jpg 300w, https:\/\/abubef.org\/wp-content\/uploads\/2026\/04\/DSC_8475-1-1024x663.jpg 1024w, https:\/\/abubef.org\/wp-content\/uploads\/2026\/04\/DSC_8475-1-768x498.jpg 768w, https:\/\/abubef.org\/wp-content\/uploads\/2026\/04\/DSC_8475-1-1536x995.jpg 1536w, https:\/\/abubef.org\/wp-content\/uploads\/2026\/04\/DSC_8475-1-2048x1327.jpg 2048w, https:\/\/abubef.org\/wp-content\/uploads\/2026\/04\/DSC_8475-1-18x12.jpg 18w, https:\/\/abubef.org\/wp-content\/uploads\/2026\/04\/DSC_8475-1-600x389.jpg 600w\" sizes=\"auto, (max-width: 300px) 100vw, 300px\" \/><\/p>\n<p>La Directrice Ex\u00e9cutive de l\u2019ABUBEF, Dr Donavine Uwimana, a rappel\u00e9 que les interventions ont b\u00e9n\u00e9fici\u00e9 \u00e0 43 formations sanitaires, avec un impact direct sur les enfants de moins de cinq ans.<\/p>\n<p><img loading=\"lazy\" decoding=\"async\" class=\"alignnone size-medium wp-image-4135\" src=\"http:\/\/abubef.org\/wp-content\/uploads\/2026\/04\/DSC_8532-300x200.jpg\" alt=\"\" width=\"300\" height=\"200\" srcset=\"https:\/\/abubef.org\/wp-content\/uploads\/2026\/04\/DSC_8532-300x200.jpg 300w, https:\/\/abubef.org\/wp-content\/uploads\/2026\/04\/DSC_8532-1024x683.jpg 1024w, https:\/\/abubef.org\/wp-content\/uploads\/2026\/04\/DSC_8532-768x512.jpg 768w, https:\/\/abubef.org\/wp-content\/uploads\/2026\/04\/DSC_8532-1536x1024.jpg 1536w, https:\/\/abubef.org\/wp-content\/uploads\/2026\/04\/DSC_8532-2048x1365.jpg 2048w, https:\/\/abubef.org\/wp-content\/uploads\/2026\/04\/DSC_8532-18x12.jpg 18w, https:\/\/abubef.org\/wp-content\/uploads\/2026\/04\/DSC_8532-400x265.jpg 400w, https:\/\/abubef.org\/wp-content\/uploads\/2026\/04\/DSC_8532-600x400.jpg 600w\" sizes=\"auto, (max-width: 300px) 100vw, 300px\" \/><\/p>\n<p>Selon Dr Divine Igiraneza chef du Projet \u00ab\u00a0Am\u00e9lioration de la couverture vaccinale et Surveillance des MEV\u00a0\u00bb, les efforts conjoints des \u00e9quipes ont permis d\u2019atteindre une couverture vaccinale proche de 95 % chez les enfants de 0 \u00e0 59 mois. Ces r\u00e9sultats ont \u00e9t\u00e9 obtenus dans un contexte marqu\u00e9 par de nombreux d\u00e9fis : p\u00e9nurie de carburant limitant les d\u00e9placements, insuffisance des outils de suivi, absence de campagnes de masse et forte mobilit\u00e9 des populations.<\/p>\n<p>Cependant, des d\u00e9fis socioculturels persistent, notamment autour de la prise de d\u00e9cision au sein des m\u00e9nages, rappelant que la vaccination est aussi une question de dialogue et de normes sociales.<\/p>\n<p>Malgr\u00e9 ces contraintes, le projet a su renforcer durablement les liens entre les communaut\u00e9s et les structures de sant\u00e9, y compris dans le secteur priv\u00e9.<\/p>\n<p><strong>Changer les pratiques, au-del\u00e0 des chiffres<\/strong><\/p>\n<p>Au-del\u00e0 des performances quantitatives, le projet a contribu\u00e9 \u00e0 faire \u00e9voluer les pratiques et les perceptions. Les collaborations entre agents de sant\u00e9 communautaires et formations sanitaires se sont consolid\u00e9es, tandis que des histoires de r\u00e9ussite ont \u00e9merg\u00e9 autour de l\u2019identification et du suivi des enfants non vaccin\u00e9s.<\/p>\n<p><strong>P\u00e9renniser les acquis pour aller plus loin<\/strong><\/p>\n<p><img loading=\"lazy\" decoding=\"async\" class=\"alignnone size-medium wp-image-4136\" src=\"http:\/\/abubef.org\/wp-content\/uploads\/2026\/04\/DSC_8480-300x200.jpg\" alt=\"\" width=\"300\" height=\"200\" srcset=\"https:\/\/abubef.org\/wp-content\/uploads\/2026\/04\/DSC_8480-300x200.jpg 300w, https:\/\/abubef.org\/wp-content\/uploads\/2026\/04\/DSC_8480-1024x683.jpg 1024w, https:\/\/abubef.org\/wp-content\/uploads\/2026\/04\/DSC_8480-768x512.jpg 768w, https:\/\/abubef.org\/wp-content\/uploads\/2026\/04\/DSC_8480-1536x1024.jpg 1536w, https:\/\/abubef.org\/wp-content\/uploads\/2026\/04\/DSC_8480-2048x1365.jpg 2048w, https:\/\/abubef.org\/wp-content\/uploads\/2026\/04\/DSC_8480-18x12.jpg 18w, https:\/\/abubef.org\/wp-content\/uploads\/2026\/04\/DSC_8480-400x265.jpg 400w, https:\/\/abubef.org\/wp-content\/uploads\/2026\/04\/DSC_8480-600x400.jpg 600w\" sizes=\"auto, (max-width: 300px) 100vw, 300px\" \/><\/p>\n<p>Lors de la c\u00e9r\u00e9monie de cl\u00f4ture, Mme Delphine Maniratunga, Pr\u00e9sidente Nationale et repr\u00e9sentante L\u00e9gale de l\u2019ABUBEF, a soulign\u00e9 l\u2019importance de capitaliser sur ces acquis, qui marquent surtout un point de d\u00e9part pour renforcer les partenariats et envisager des solutions durables.<\/p>\n<p>Les recommandations issues du projet sont claires : impliquer davantage les leaders communautaires, renforcer les outils de suivi et augmenter le nombre d\u2019agents de sant\u00e9 communautaires afin de consolider les progr\u00e8s r\u00e9alis\u00e9s.<\/p>\n<p><strong>Un engagement collectif pour l\u2019avenir<\/strong><\/p>\n<p>Ce projet illustre la force d\u2019une collaboration \u00e9troite entre les communaut\u00e9s, structures de sant\u00e9 et partenaires techniques et financiers. La pr\u00e9sence des autorit\u00e9s sanitaires lors de la cl\u00f4ture \u00e0 savoir le M\u00e9decin Directeur de la Province Sanitaire de Bujumbura, les M\u00e9decins Directeurs des districts Sanitaires KAMENGE, MUTIMBUZI, MUKAZA et RUZIBA et bien d\u2019autres t\u00e9moigne de cet engagement partag\u00e9.<\/p>\n<p>En investissant dans des approches de proximit\u00e9, l\u2019ABUBEF et ses partenaires contribuent \u00e0 b\u00e2tir un syst\u00e8me de sant\u00e9 plus inclusif, capable de ne laisser aucun enfant de c\u00f4t\u00e9.<\/p>","protected":false},"excerpt":{"rendered":"<p>Le mardi 7 avril 2026 marque une \u00e9tape importante pour l\u2019Association Burundaise pour le Bien-\u00eatre Familial (ABUBEF) et ses partenaires : la cl\u00f4ture d\u2019un projet ambitieux visant \u00e0 am\u00e9liorer la couverture vaccinale et la surveillance des maladies \u00e9vitables par la vaccination dans l\u2019ancienne Mairie de Bujumbura. Pendant 22 mois, avec l\u2019appui de l\u2019UNICEF et de [&hellip;]<\/p>","protected":false},"author":2,"featured_media":0,"comment_status":"open","ping_status":"open","sticky":false,"template":"","format":"standard","meta":{"footnotes":""},"categories":[1],"tags":[],"class_list":["post-4131","post","type-post","status-publish","format-standard","hentry","category-non-categorise"],"_links":{"self":[{"href":"http:\/\/abubef.org\/en\/wp-json\/wp\/v2\/posts\/4131","targetHints":{"allow":["GET"]}}],"collection":[{"href":"http:\/\/abubef.org\/en\/wp-json\/wp\/v2\/posts"}],"about":[{"href":"http:\/\/abubef.org\/en\/wp-json\/wp\/v2\/types\/post"}],"author":[{"embeddable":true,"href":"http:\/\/abubef.org\/en\/wp-json\/wp\/v2\/users\/2"}],"replies":[{"embeddable":true,"href":"http:\/\/abubef.org\/en\/wp-json\/wp\/v2\/comments?post=4131"}],"version-history":[{"count":2,"href":"http:\/\/abubef.org\/en\/wp-json\/wp\/v2\/posts\/4131\/revisions"}],"predecessor-version":[{"id":4138,"href":"http:\/\/abubef.org\/en\/wp-json\/wp\/v2\/posts\/4131\/revisions\/4138"}],"wp:attachment":[{"href":"http:\/\/abubef.org\/en\/wp-json\/wp\/v2\/media?parent=4131"}],"wp:term":[{"taxonomy":"category","embeddable":true,"href":"http:\/\/abubef.org\/en\/wp-json\/wp\/v2\/categories?post=4131"},{"taxonomy":"post_tag","embeddable":true,"href":"http:\/\/abubef.org\/en\/wp-json\/wp\/v2\/tags?post=4131"}],"curies":[{"name":"wp","href":"https:\/\/api.w.org\/{rel}","templated":true}]}}